{"id":961,"date":"2021-06-21T23:44:00","date_gmt":"2021-06-21T21:44:00","guid":{"rendered":"https:\/\/owim.uek.krakow.pl\/?p=961"},"modified":"2021-06-21T23:44:00","modified_gmt":"2021-06-21T21:44:00","slug":"zakotwiczanie-migrantow-w-czasach-niepewnosci-seminarium-owim","status":"publish","type":"post","link":"https:\/\/owim.uek.krakow.pl\/index.php\/2021\/06\/21\/zakotwiczanie-migrantow-w-czasach-niepewnosci-seminarium-owim\/","title":{"rendered":"Zakotwiczanie migrant\u00f3w w czasach niepewno\u015bci  &#8211; seminarium OWiM"},"content":{"rendered":"<p>Serdecznie zapraszamy na kolejne seminarium Obserwatorium Wielokulturowo\u015bci i Migracji! Aleksandra Grzyma\u0142a-Kaz\u0142owska opowie o zakotwiczaniu migrant\u00f3w w czasach niepewno\u015bci. W roli dyskutant\u00f3w wyst\u0105pi\u0105: Anna Gawlewicz, Konrad P\u0119dziwiatr i Dobros\u0142awa Wiktor-Mach.<\/p>\n<p>Nadchodz\u0105ce seminarium Wielokulturowo\u015bci i Migracji po\u015bwi\u0119cone b\u0119dzie najnowszej ksi\u0105\u017cce Aleksandry Grzyma\u0142y- Kaz\u0142owskiej zatytu\u0142owanej \u201cRethinking settlement and integration: Migrants\u2019 anchoring in an age of insecurity\u201d (Manchester University Press 2020). Autorka w swojej kr\u00f3tkiej prezentacji przedstawi koncepcj\u0119 zakotwiczania, \u0142\u0105cz\u0105c\u0105 poj\u0119cia to\u017csamo\u015bci, adaptacji i osiedlania oraz podkre\u015blaj\u0105c\u0105 d\u0105\u017cenie migrant\u00f3w do odzyskania poczucia bezpiecze\u0144stwa i stabilno\u015bci. B\u0119dzie argumentowa\u0107, \u017ce zakotwiczanie mo\u017ce stanowi\u0107 alternatyw\u0119 dla koncepcji integracji, oferuj\u0105c bardziej wielowymiarow\u0105 i procesualn\u0105 perspektyw\u0119. Jest to konieczne, aby lepiej zrozumie\u0107 do\u015bwiadczenie adaptacji i osiedlania si\u0119 w\u015br\u00f3d dzisiejszych migrant\u00f3w w nowych, z\u0142o\u017conych i p\u0142ynnych spo\u0142ecze\u0144stwach, szczeg\u00f3lnie w obecnych czasach niepewno\u015bci. Zaproponowany model zakotwiczania opracowany w jej badaniach ukazuje warstwy zakotwiczania, od zewn\u0119trznych przycz\u00f3\u0142k\u00f3w zwi\u0105zanych z kwestiami prawnymi i instytucjonalnymi oraz mo\u017cliwo\u015bciami pracy, przez bardziej z\u0142o\u017cone kotwice osadzone w relacjach spo\u0142ecznych, po g\u0142\u0119bsze zakotwiczenie wewn\u0119trzne, takie jak konstruowana za\u017cy\u0142o\u015b\u0107 i blisko\u015b\u0107. Jej badania podkre\u015blaj\u0105 znaczenie praktyk dla zakotwiczania; wag\u0119 zakotwiczenia poznawczego, emocjonalnego i duchowego, a tak\u017ce zmiany w procesie zakotwiczania oraz nier\u00f3wny i relacyjny charakter osiedlania. Koncepcja autorki rzuca \u015bwiat\u0142o na elastyczno\u015b\u0107 i odwracalno\u015b\u0107 zakotwiczania, w tym procesy ponownego zakotwiczenia lub odkotwiczenia. Badanie Aleksandry Grzyma\u0142y-Kaz\u0142owskiej pokazuje r\u00f3wnie\u017c jak migranci s\u0105 kr\u0119powani istniej\u0105cymi kotwicami, ograniczonymi zasobami i strukturami spo\u0142ecznymi; w jaki spos\u00f3b pewne kotwice s\u0105 niekorzystne\u00a0 lub utrudniaj\u0105 \u017cycie migrant\u00f3w, powoduj\u0105c niepewno\u015b\u0107 i jakie s\u0105 nier\u00f3wno\u015bci w procesach zakotwiczania \u2013 jak pozycjonowanie jednostek wp\u0142ywa zar\u00f3wno na poziom ich nara\u017cenia na ryzyko i niepewno\u015b\u0107, jak i na zdolno\u015b\u0107 migrant\u00f3w do sprawczo\u015bci,\u00a0 radzenia sobie z wyzwaniami i wykorzystania mo\u017cliwo\u015bci.<\/p>\n<p>Aby do\u0142\u0105czy\u0107 do seminarium na platformie ZOOM nale\u017cy klikn\u0105\u0107 w poni\u017cszy link:<\/p>\n<p><a href=\"https:\/\/us02web.zoom.us\/j\/89898630484?pwd=UndSZkV4N0JyZHZuS3VIVEdkWGUxUT09&amp;fbclid=IwAR2I71mfpXD2I7Af02pZYFQ8AX0byBG-XP0cpm83WQD92bDmro165tgs9lE\">https:\/\/us02web.zoom.us\/j\/89898630484&#8230;<\/a><\/p>\n<p>Meeting ID: 898 9863 0484<br \/>\nPasscode: h4mfz3<\/p>\n<p>&nbsp;<\/p>\n<p><strong>Wydarzenie odb\u0119dzie si\u0119 w j\u0119zyku angielskim.<\/strong><\/p>\n<p><strong>Informujemy, \u017ce w przeciwie\u0144stwie do naszych wcze\u015bniejszych seminari\u00f3w, to (na pro\u015bb\u0119 naszego go\u015bcia) nie b\u0119dzie nagrywane i udost\u0119pniane na kanale Youtube OWIM-MMO.<\/strong><\/p>\n","protected":false},"excerpt":{"rendered":"<p>Serdecznie zapraszamy na kolejne seminarium Obserwatorium Wielokulturowo\u015bci i Migracji! Aleksandra Grzyma\u0142a-Kaz\u0142owska opowie o zakotwiczaniu migrant\u00f3w w czasach niepewno\u015bci. W roli dyskutant\u00f3w wyst\u0105pi\u0105: Anna Gawlewicz, [&hellip;]<\/p>\n","protected":false},"author":6,"featured_media":962,"comment_status":"closed","ping_status":"closed","sticky":false,"template":"","format":"standard","meta":[],"categories":[1],"tags":[],"_links":{"self":[{"href":"https:\/\/owim.uek.krakow.pl\/index.php\/wp-json\/wp\/v2\/posts\/961"}],"collection":[{"href":"https:\/\/owim.uek.krakow.pl\/index.php\/wp-json\/wp\/v2\/posts"}],"about":[{"href":"https:\/\/owim.uek.krakow.pl\/index.php\/wp-json\/wp\/v2\/types\/post"}],"author":[{"embeddable":true,"href":"https:\/\/owim.uek.krakow.pl\/index.php\/wp-json\/wp\/v2\/users\/6"}],"replies":[{"embeddable":true,"href":"https:\/\/owim.uek.krakow.pl\/index.php\/wp-json\/wp\/v2\/comments?post=961"}],"version-history":[{"count":1,"href":"https:\/\/owim.uek.krakow.pl\/index.php\/wp-json\/wp\/v2\/posts\/961\/revisions"}],"predecessor-version":[{"id":963,"href":"https:\/\/owim.uek.krakow.pl\/index.php\/wp-json\/wp\/v2\/posts\/961\/revisions\/963"}],"wp:featuredmedia":[{"embeddable":true,"href":"https:\/\/owim.uek.krakow.pl\/index.php\/wp-json\/wp\/v2\/media\/962"}],"wp:attachment":[{"href":"https:\/\/owim.uek.krakow.pl\/index.php\/wp-json\/wp\/v2\/media?parent=961"}],"wp:term":[{"taxonomy":"category","embeddable":true,"href":"https:\/\/owim.uek.krakow.pl\/index.php\/wp-json\/wp\/v2\/categories?post=961"},{"taxonomy":"post_tag","embeddable":true,"href":"https:\/\/owim.uek.krakow.pl\/index.php\/wp-json\/wp\/v2\/tags?post=961"}],"curies":[{"name":"wp","href":"https:\/\/api.w.org\/{rel}","templated":true}]}}