{"id":943,"date":"2021-05-27T19:39:42","date_gmt":"2021-05-27T17:39:42","guid":{"rendered":"https:\/\/owim.uek.krakow.pl\/?p=943"},"modified":"2021-05-27T19:39:42","modified_gmt":"2021-05-27T17:39:42","slug":"wplyw-migracji-miedzynarodowych-na-postawy-moralne-wobec-podatkow-seminarium-owim","status":"publish","type":"post","link":"https:\/\/owim.uek.krakow.pl\/index.php\/2021\/05\/27\/wplyw-migracji-miedzynarodowych-na-postawy-moralne-wobec-podatkow-seminarium-owim\/","title":{"rendered":"Wp\u0142yw migracji mi\u0119dzynarodowych na postawy moralne wobec podatk\u00f3w &#8211; seminarium OWiM"},"content":{"rendered":"<p style=\"text-align: justify;\">Serdecznie zapraszamy na kolejne seminarium Obserwatorium Wielokulturowo\u015bci i Migracji!<\/p>\n<p style=\"text-align: justify;\">Nicola D. Coniglio (University of Bari) i Jan Brzozowski (Uniwersytet Ekonomiczny w Krakowie) opowiedz\u0105 o wp\u0142ywie migracji mi\u0119dzynarodowych na postawy moralne wobec podatk\u00f3w. Spotkanie moderowa\u0107 b\u0119dzie Konrad P\u0119dziwiatr.<\/p>\n<p style=\"text-align: justify;\">Migracja mi\u0119dzynarodowa stanowi potencjalny kana\u0142 przekazywania norm, postaw i warto\u015bci z powrotem do kraj\u00f3w pochodzenia W naszej prezentacji zbadamy, w jaki spos\u00f3b mi\u0119dzynarodowa migracja os\u00f3b wp\u0142ywa na ich postawy moralne wobec podatk\u00f3w i niech\u0119\u0107 do tendencji unikania op\u0142acania podatk\u00f3w przejawianej przez cz\u0142onk\u00f3w rodziny\/domostwa w kraju pochodzenia emigranta. W tym celu pos\u0142u\u017cymy si\u0119 bogat\u0105 baz\u0105 danych na poziomie gospodarstw domowych, kt\u00f3ra jest reprezentatywna dla polskiego spo\u0142ecze\u0144stwa w latach 2007-2015 &#8211; jednego z najwa\u017cniejszych kraj\u00f3w emigracji w UE &#8211; i pozwala obserwowa\u0107 postawy i warto\u015bci spo\u0142eczne os\u00f3b przed i po faktycznej migracji cz\u0142onka gospodarstwa domowego. Nasze dotychczasowe wyniki bada\u0144 pokazuj\u0105, \u017ce emigrant zarobkowy w gospodarstwie domowym ma znacz\u0105cy i pozytywny wp\u0142yw na postawy moralne cz\u0142onk\u00f3w wobec podatk\u00f3w i zwi\u0119ksza niech\u0119\u0107 wobec os\u00f3b unikaj\u0105cych obowi\u0105zku podatkowego. Udowadniamy, \u017ce ta forma przekaz\u00f3w spo\u0142ecznych zale\u017cy w du\u017cej mierze od cech takich jak p\u0142e\u0107, poziom wykszta\u0142cenia, rola w gospodarstwie domowym &#8211; zar\u00f3wno tych, kt\u00f3rzy migruj\u0105, jak i tych, kt\u00f3rzy pozostaj\u0105 w gospodarstwie domowym. Identyfikacja skutk\u00f3w opiera si\u0119 na danych pochodz\u0105cych z d\u0142ugoterminowych badan zmian na poziomie indywidualnym. Pozwoli\u0142o to na wykluczenie sta\u0142ego czynnika zak\u0142\u00f3caj\u0105cego, kt\u00f3ry wp\u0142ywa zar\u00f3wno na migracje mi\u0119dzynarodowe cz\u0142onk\u00f3w rodzin, jak i na indywidualne podej\u015bcie do unikania opodatkowania.<\/p>\n<p style=\"text-align: justify;\">\n<p style=\"text-align: justify;\">Aby do\u0142\u0105czy\u0107 do seminarium na platformie ZOOM nale\u017cy klikn\u0105\u0107 w poni\u017cszy link:<\/p>\n<p style=\"text-align: justify;\">\n<p style=\"text-align: justify;\"><a href=\"https:\/\/l.facebook.com\/l.php?u=https%3A%2F%2Fus02web.zoom.us%2Fj%2F89673180681%3Fpwd%3DK2RNUW5jQUpJYUplNzZmVS9ySmtqZz09%26fbclid%3DIwAR2sZbEnuJ72MkbFScs7-2Fx-JcvQMhAOvErY-vWq0HY4GtiA-eow9nT9y4&amp;h=AT1pMyyYiqr-KuYXG2ln5HUd-4RzBWUN2PcDAqWWzXCPIUcqCftMkVSoRpFz45D8kD12dgnl9S__6gUZh3S9tcQltYwMoBfFwiT5IHRZgFh2BA833o_TFDwN0fxj0Rqs0oK6&amp;__tn__=q&amp;c%5b0%5d=AT0-grro7OZ3N6LxsGPnbc6EPzi_n9IWJl97rOGdZypPuiluQFGFwgDEPkwT4XN1t2rG80HBWvIpdHK7i4z3Hw-NnCmpfPHT-08LAd2JWAtWrcg2cxRt2BCQTz1d-PqT6-lh9EmkX100n0Mnz5XcPcn9D6__KiPS520gwiV0nl3wLF-R\">https:\/\/us02web.zoom.us\/j\/89673180681&#8230;<\/a><\/p>\n<p style=\"text-align: justify;\">Meeting ID: 896 7318 0681<br \/>\nPasscode: 9LT8yM<\/p>\n<p style=\"text-align: justify;\">\n<p style=\"text-align: justify;\"><strong>Wydarzenie odb\u0119dzie si\u0119 w j\u0119zyku angielskim.<\/strong><\/p>\n","protected":false},"excerpt":{"rendered":"<p>Serdecznie zapraszamy na kolejne seminarium Obserwatorium Wielokulturowo\u015bci i Migracji! Nicola D. Coniglio (University of Bari) i Jan Brzozowski (Uniwersytet Ekonomiczny w Krakowie) opowiedz\u0105 o [&hellip;]<\/p>\n","protected":false},"author":6,"featured_media":946,"comment_status":"closed","ping_status":"closed","sticky":false,"template":"","format":"standard","meta":[],"categories":[1],"tags":[],"_links":{"self":[{"href":"https:\/\/owim.uek.krakow.pl\/index.php\/wp-json\/wp\/v2\/posts\/943"}],"collection":[{"href":"https:\/\/owim.uek.krakow.pl\/index.php\/wp-json\/wp\/v2\/posts"}],"about":[{"href":"https:\/\/owim.uek.krakow.pl\/index.php\/wp-json\/wp\/v2\/types\/post"}],"author":[{"embeddable":true,"href":"https:\/\/owim.uek.krakow.pl\/index.php\/wp-json\/wp\/v2\/users\/6"}],"replies":[{"embeddable":true,"href":"https:\/\/owim.uek.krakow.pl\/index.php\/wp-json\/wp\/v2\/comments?post=943"}],"version-history":[{"count":1,"href":"https:\/\/owim.uek.krakow.pl\/index.php\/wp-json\/wp\/v2\/posts\/943\/revisions"}],"predecessor-version":[{"id":947,"href":"https:\/\/owim.uek.krakow.pl\/index.php\/wp-json\/wp\/v2\/posts\/943\/revisions\/947"}],"wp:featuredmedia":[{"embeddable":true,"href":"https:\/\/owim.uek.krakow.pl\/index.php\/wp-json\/wp\/v2\/media\/946"}],"wp:attachment":[{"href":"https:\/\/owim.uek.krakow.pl\/index.php\/wp-json\/wp\/v2\/media?parent=943"}],"wp:term":[{"taxonomy":"category","embeddable":true,"href":"https:\/\/owim.uek.krakow.pl\/index.php\/wp-json\/wp\/v2\/categories?post=943"},{"taxonomy":"post_tag","embeddable":true,"href":"https:\/\/owim.uek.krakow.pl\/index.php\/wp-json\/wp\/v2\/tags?post=943"}],"curies":[{"name":"wp","href":"https:\/\/api.w.org\/{rel}","templated":true}]}}