{"id":783,"date":"2021-01-14T18:18:34","date_gmt":"2021-01-14T17:18:34","guid":{"rendered":"https:\/\/owim.uek.krakow.pl\/?p=783"},"modified":"2021-01-14T18:18:34","modified_gmt":"2021-01-14T17:18:34","slug":"pandemia-covid-19-a-sytuacja-imigrantow-w-krakowie-seminarium-owim","status":"publish","type":"post","link":"https:\/\/owim.uek.krakow.pl\/index.php\/2021\/01\/14\/pandemia-covid-19-a-sytuacja-imigrantow-w-krakowie-seminarium-owim\/","title":{"rendered":"Pandemia COVID-19 a sytuacja imigrant\u00f3w w Krakowie &#8211; seminarium OWiM"},"content":{"rendered":"<p>Serdecznie zapraszamy na seminarium Obserwatorium Wielokulturowo\u015bci i Migracji, na kt\u00f3rym zaprezentowany zostanie najnowszy raport autorstwa badaczy OWiM &#8211; Jana Brzozowskiego, Karola Kaczorowskiego, Konrada P\u0119dziwiatra oraz Dobros\u0142aw\u0119<br \/>\nWiktor-Mach.<\/p>\n<div class=\"o9v6fnle cxmmr5t8 oygrvhab hcukyx3x c1et5uql\">Raport, kt\u00f3remu po\u015bwi\u0119cone b\u0119dzie nadchodz\u0105ce seminarium, omawia wyniki bada\u0144 jako\u015bciowych na temat wp\u0142ywu pandemii COVID-19 na \u017cycie obcokrajowc\u00f3w mieszkaj\u0105cych w Krakowie w 2020 r. Celem badania by\u0142a identyfikacja zmian jakie zachodz\u0105 w r\u00f3\u017cnych wymiarach \u017cycia migrant\u00f3w, zw\u0142aszcza ekonomicznym i spo\u0142ecznym. Raport pokazuje, w jaki spos\u00f3b do\u015bwiadczenie kryzysu i sposobu radzenia sobie z wyzwaniami zale\u017ca\u0142o w du\u017cej mierze od sytuacji obcokrajowc\u00f3w na rynku pracy, a zw\u0142aszcza od bran\u017cy, w kt\u00f3rej pracuj\u0105. Analizowane by\u0142y te\u017c g\u0142\u00f3wne trudno\u015bci i wyzwania, jakie sytuacja epidemiczna przynios\u0142a imigrantom, w tym kwestie zarobk\u00f3w i (nie)stabilno\u015bci zatrudnienia, problemy zwi\u0105zane z sytuacj\u0105 mieszkaniow\u0105, funkcjonowanie przedsi\u0119biorc\u00f3w. Om\u00f3wiona jest dynamika migracyjna, zar\u00f3wno od strony dost\u0119pnych danych statystycznych, jak i osobistych do\u015bwiadcze\u0144 obcokrajowc\u00f3w. Opracowanie przedstawia r\u00f3wnie\u017c wiele innych problem\u00f3w w odniesieniu do sytuacji pandemii, kt\u00f3re respondenci poruszali w wywiadach oraz te, kt\u00f3re pojawia\u0142y si\u0119 cz\u0119sto w dyskusjach w grupach internetowych zrzeszaj\u0105cych migrant\u00f3w. Pokazane jest te\u017c zagadnienie wsparcia kierowanego do cudzoziemc\u00f3w ze strony r\u00f3\u017cnych aktor\u00f3w. Raport ko\u0144czy si\u0119 podsumowaniem z rekomendacjami dla Urz\u0119du Miasta Krakowa.<\/div>\n<div class=\"o9v6fnle cxmmr5t8 oygrvhab hcukyx3x c1et5uql\"><\/div>\n<div class=\"o9v6fnle cxmmr5t8 oygrvhab hcukyx3x c1et5uql\"><\/div>\n<div class=\"o9v6fnle cxmmr5t8 oygrvhab hcukyx3x c1et5uql\">Aby do\u0142\u0105czy\u0107 do seminarium na platformie ZOOM nale\u017cy klikn\u0105\u0107 w poni\u017cszy link:<\/div>\n<div class=\"o9v6fnle cxmmr5t8 oygrvhab hcukyx3x c1et5uql\"><a class=\"oajrlxb2 g5ia77u1 qu0x051f esr5mh6w e9989ue4 r7d6kgcz rq0escxv nhd2j8a9 nc684nl6 p7hjln8o kvgmc6g5 cxmmr5t8 oygrvhab hcukyx3x jb3vyjys rz4wbd8a qt6c0cv9 a8nywdso i1ao9s8h esuyzwwr f1sip0of lzcic4wl py34i1dx gpro0wi8\" tabindex=\"0\" role=\"link\" href=\"https:\/\/us02web.zoom.us\/j\/83847680472?pwd=b3FLTGRQWGV5bXh5azIxVFJUUVVldz09&amp;fbclid=IwAR1BZBAMr3c8aCEIVXDVew-gMS2saCVPCd_p4mHXeytFtRiw_amKMEcYiv8\" target=\"_blank\" rel=\"nofollow noopener noreferrer\">https:\/\/us02web.zoom.us\/j\/83847680472&#8230;<\/a><\/div>\n<div class=\"o9v6fnle cxmmr5t8 oygrvhab hcukyx3x c1et5uql\">Meeting ID: 838 4768 0472<br \/>\nPasscode: mp55bL<\/div>\n<div><\/div>\n<div class=\"o9v6fnle cxmmr5t8 oygrvhab hcukyx3x c1et5uql\">Wydarzenie odb\u0119dzie si\u0119 w j\u0119zyku polskim.<\/div>\n<div><\/div>\n","protected":false},"excerpt":{"rendered":"<p>Serdecznie zapraszamy na seminarium Obserwatorium Wielokulturowo\u015bci i Migracji, na kt\u00f3rym zaprezentowany zostanie najnowszy raport autorstwa badaczy OWiM &#8211; Jana Brzozowskiego, Karola Kaczorowskiego, Konrada P\u0119dziwiatra [&hellip;]<\/p>\n","protected":false},"author":6,"featured_media":784,"comment_status":"closed","ping_status":"closed","sticky":false,"template":"","format":"standard","meta":[],"categories":[1],"tags":[],"_links":{"self":[{"href":"https:\/\/owim.uek.krakow.pl\/index.php\/wp-json\/wp\/v2\/posts\/783"}],"collection":[{"href":"https:\/\/owim.uek.krakow.pl\/index.php\/wp-json\/wp\/v2\/posts"}],"about":[{"href":"https:\/\/owim.uek.krakow.pl\/index.php\/wp-json\/wp\/v2\/types\/post"}],"author":[{"embeddable":true,"href":"https:\/\/owim.uek.krakow.pl\/index.php\/wp-json\/wp\/v2\/users\/6"}],"replies":[{"embeddable":true,"href":"https:\/\/owim.uek.krakow.pl\/index.php\/wp-json\/wp\/v2\/comments?post=783"}],"version-history":[{"count":1,"href":"https:\/\/owim.uek.krakow.pl\/index.php\/wp-json\/wp\/v2\/posts\/783\/revisions"}],"predecessor-version":[{"id":785,"href":"https:\/\/owim.uek.krakow.pl\/index.php\/wp-json\/wp\/v2\/posts\/783\/revisions\/785"}],"wp:featuredmedia":[{"embeddable":true,"href":"https:\/\/owim.uek.krakow.pl\/index.php\/wp-json\/wp\/v2\/media\/784"}],"wp:attachment":[{"href":"https:\/\/owim.uek.krakow.pl\/index.php\/wp-json\/wp\/v2\/media?parent=783"}],"wp:term":[{"taxonomy":"category","embeddable":true,"href":"https:\/\/owim.uek.krakow.pl\/index.php\/wp-json\/wp\/v2\/categories?post=783"},{"taxonomy":"post_tag","embeddable":true,"href":"https:\/\/owim.uek.krakow.pl\/index.php\/wp-json\/wp\/v2\/tags?post=783"}],"curies":[{"name":"wp","href":"https:\/\/api.w.org\/{rel}","templated":true}]}}