{"id":751,"date":"2020-12-14T18:03:11","date_gmt":"2020-12-14T17:03:11","guid":{"rendered":"https:\/\/owim.uek.krakow.pl\/?p=751"},"modified":"2020-12-14T18:15:25","modified_gmt":"2020-12-14T17:15:25","slug":"imigranci-i-uslugi-publiczne-w-krakowie-seminarium-owim","status":"publish","type":"post","link":"https:\/\/owim.uek.krakow.pl\/index.php\/2020\/12\/14\/imigranci-i-uslugi-publiczne-w-krakowie-seminarium-owim\/","title":{"rendered":"Imigranci i us\u0142ugi publiczne w Krakowie \u2013 seminarium OWiM"},"content":{"rendered":"<div class=\"kvgmc6g5 cxmmr5t8 oygrvhab hcukyx3x c1et5uql\">Wsp\u00f3\u0142czesny Krak\u00f3w mo\u017cna traktowa\u0107 w kategoriach miasta \u201eglobalizuj\u0105cego si\u0119\u201d, co ma istotne znaczenie dla kwestii migracyjnej w tym mie\u015bcie. Termin miasto \u201eglobalizuj\u0105ce si\u0119\u201d, kt\u00f3ry u\u017cywany na potrzeby niniejszego projektu zak\u0142ada, \u017ce mam do czynienia z miastem intensywnie w\u0142\u0105czonym do globalnej sieci przep\u0142yw\u00f3w stosunkowo niedawno. Zatem charakterystyczny dla takich miast nap\u0142yw imigrant\u00f3w, reprezentuj\u0105cych zar\u00f3wno wysokiej klasy profesjonalist\u00f3w (tzw. expats) z wysoko rozwini\u0119tych pa\u0144stw, jak i migrant\u00f3w ekonomicznych z pa\u0144stw rozwijaj\u0105cych si\u0119, dokonuje si\u0119 od niedawna. Po drugie, w przeciwie\u0144stwie do miast, kt\u00f3re od lat klasyfikuje si\u0119 jako miasta globalne, miasta \u201eglobalizuj\u0105ce si\u0119\u201d nie wytworzy\u0142y jeszcze instytucji odpowiadaj\u0105cym wymogom, z jakimi mierzy\u0107 musz\u0105 si\u0119 miasta globalne, nie wypracowa\u0142y te\u017c d\u0142ugofalowych polityk miejskich w zakresie us\u0142ug publicznych dla imigrant\u00f3w. Zatem Krak\u00f3w, jako miasto \u201eglobalizuj\u0105ce si\u0119\u201d jest w procesie \u201euczenia si\u0119\u201d takich polityk, dostosowywania ich zar\u00f3wno do struktury migracji w mie\u015bcie, jak te\u017c specyfiki samego miasta. Aby miasto mog\u0142o wypracowa\u0107 w\u0142asn\u0105 polityk\u0119 w tym zakresie musi rozpozna\u0107 oczekiwania, jakie maj\u0105 mieszkaj\u0105cy w Krakowie obcokrajowcy w stosunku do us\u0142ug publicznych, zdiagnozowa\u0107 bariery, na jakie napotykaj\u0105 korzystaj\u0105c z tych us\u0142ug oraz to czy sami tworz\u0105 alternatywne samopomocowe sieci us\u0142ug quasi-publicznych.<br \/>\nBadania realizowane w drugiej po\u0142owie 2020 roku podejmuj\u0105 pr\u00f3b\u0119 empirycznej analizy tych oczekiwa\u0144 i barier w\u015br\u00f3d \u201elokalnych obcokrajowc\u00f3w\u201d mieszkaj\u0105cych w Krakowie, wraz z sieciami wsparcia, kt\u00f3re tworz\u0105. W badaniach zosta\u0142y zastosowane zar\u00f3wno metody jako\u015bciowe jak i ilo\u015bciowe. Metody ilo\u015bciowe (kwestionariusz ankiety, N:300) mia\u0142y na celu wychwycenie prawid\u0142owo\u015bci w wyst\u0119powaniu pewnych zjawisk i zmierzenie ich intensywno\u015b\u0107 oraz rozk\u0142ad w poszczeg\u00f3lnych kategoriach obcokrajowc\u00f3w obj\u0119tych badaniem. Badania jako\u015bciowe (wywiady pog\u0142\u0119biane, N:12) pos\u0142u\u017cy\u0142y wyja\u015bnianiu przyczyn kluczowych problem\u00f3w zidentyfikowanych dzi\u0119ki badaniom ilo\u015bciowym.<\/div>\n<div><\/div>\n<div class=\"o9v6fnle cxmmr5t8 oygrvhab hcukyx3x c1et5uql\">Prelegenci:<br \/>\n\u2022 Karolina Czerska-Shaw (Uniwersytet Jagiello\u0144ski)<br \/>\n\u2022 Pawe\u0142 Kubicki (Uniwersytet Jagiello\u0144ski)<\/div>\n<div><\/div>\n<div class=\"o9v6fnle cxmmr5t8 oygrvhab hcukyx3x c1et5uql\">Moderatorzy:<br \/>\n\u2022 Konrad P\u0119dziwiatr (Uniwersytet Ekonomiczny w Krakowie)<\/div>\n<div class=\"o9v6fnle cxmmr5t8 oygrvhab hcukyx3x c1et5uql\">\u2022 Dobros\u0142awa Wiktor-Mach (Uniwersytet Ekonomiczny w Krakowie)<\/div>\n<div class=\"o9v6fnle cxmmr5t8 oygrvhab hcukyx3x c1et5uql\"><\/div>\n<div class=\"o9v6fnle cxmmr5t8 oygrvhab hcukyx3x c1et5uql\"><\/div>\n<div class=\"o9v6fnle cxmmr5t8 oygrvhab hcukyx3x c1et5uql\">Aby do\u0142\u0105czy\u0107 do seminarium na platformie ZOOM nale\u017cy klikn\u0105\u0107 w poni\u017cszy link:<\/div>\n<div class=\"o9v6fnle cxmmr5t8 oygrvhab hcukyx3x c1et5uql\"><a class=\"oajrlxb2 g5ia77u1 qu0x051f esr5mh6w e9989ue4 r7d6kgcz rq0escxv nhd2j8a9 nc684nl6 p7hjln8o kvgmc6g5 cxmmr5t8 oygrvhab hcukyx3x jb3vyjys rz4wbd8a qt6c0cv9 a8nywdso i1ao9s8h esuyzwwr f1sip0of lzcic4wl py34i1dx gpro0wi8\" tabindex=\"0\" role=\"link\" href=\"https:\/\/us02web.zoom.us\/j\/86579595507?pwd=ZGdtSVZva2p1KzErZGttYlBwTk5Bdz09&amp;fbclid=IwAR3O7j19NYbeiptfAJVGlAFoIIVQWD_SH2Pw-ysuY49tkev8mhqP1fIToKg\" target=\"_blank\" rel=\"nofollow noopener noreferrer\">https:\/\/us02web.zoom.us\/j\/86579595507&#8230;<\/a><\/div>\n<div class=\"o9v6fnle cxmmr5t8 oygrvhab hcukyx3x c1et5uql\">Meeting ID: 865 7959 5507<br \/>\nPasscode: fu9d1Y<\/div>\n","protected":false},"excerpt":{"rendered":"<p>Wsp\u00f3\u0142czesny Krak\u00f3w mo\u017cna traktowa\u0107 w kategoriach miasta \u201eglobalizuj\u0105cego si\u0119\u201d, co ma istotne znaczenie dla kwestii migracyjnej w tym mie\u015bcie. Termin miasto \u201eglobalizuj\u0105ce si\u0119\u201d, kt\u00f3ry [&hellip;]<\/p>\n","protected":false},"author":6,"featured_media":753,"comment_status":"closed","ping_status":"closed","sticky":false,"template":"","format":"standard","meta":[],"categories":[1],"tags":[],"_links":{"self":[{"href":"https:\/\/owim.uek.krakow.pl\/index.php\/wp-json\/wp\/v2\/posts\/751"}],"collection":[{"href":"https:\/\/owim.uek.krakow.pl\/index.php\/wp-json\/wp\/v2\/posts"}],"about":[{"href":"https:\/\/owim.uek.krakow.pl\/index.php\/wp-json\/wp\/v2\/types\/post"}],"author":[{"embeddable":true,"href":"https:\/\/owim.uek.krakow.pl\/index.php\/wp-json\/wp\/v2\/users\/6"}],"replies":[{"embeddable":true,"href":"https:\/\/owim.uek.krakow.pl\/index.php\/wp-json\/wp\/v2\/comments?post=751"}],"version-history":[{"count":1,"href":"https:\/\/owim.uek.krakow.pl\/index.php\/wp-json\/wp\/v2\/posts\/751\/revisions"}],"predecessor-version":[{"id":752,"href":"https:\/\/owim.uek.krakow.pl\/index.php\/wp-json\/wp\/v2\/posts\/751\/revisions\/752"}],"wp:featuredmedia":[{"embeddable":true,"href":"https:\/\/owim.uek.krakow.pl\/index.php\/wp-json\/wp\/v2\/media\/753"}],"wp:attachment":[{"href":"https:\/\/owim.uek.krakow.pl\/index.php\/wp-json\/wp\/v2\/media?parent=751"}],"wp:term":[{"taxonomy":"category","embeddable":true,"href":"https:\/\/owim.uek.krakow.pl\/index.php\/wp-json\/wp\/v2\/categories?post=751"},{"taxonomy":"post_tag","embeddable":true,"href":"https:\/\/owim.uek.krakow.pl\/index.php\/wp-json\/wp\/v2\/tags?post=751"}],"curies":[{"name":"wp","href":"https:\/\/api.w.org\/{rel}","templated":true}]}}