{"id":517,"date":"2020-06-02T03:16:58","date_gmt":"2020-06-02T01:16:58","guid":{"rendered":"https:\/\/owim.uek.krakow.pl\/?p=517"},"modified":"2020-09-25T22:38:42","modified_gmt":"2020-09-25T20:38:42","slug":"seminarium-migracyjne-online-religie-w-procesach-migracyjnych","status":"publish","type":"post","link":"https:\/\/owim.uek.krakow.pl\/index.php\/2020\/06\/02\/seminarium-migracyjne-online-religie-w-procesach-migracyjnych\/","title":{"rendered":"Religie w procesach migracyjnych &#8211; seminarium OWiM"},"content":{"rendered":"<p>Religie odgrywa\u0142y kluczow\u0105 rol\u0119 w procesach migracyjnych zar\u00f3wno przed pandemi\u0105 jak i teraz, kiedy migranci znajduj\u0105 si\u0119 w sytuacji wymuszonej niemobilno\u015bci. S\u0105 elementem kulturowego baga\u017cu migrant\u00f3w towarzysz\u0105cego im podczas relokacji do nowych kraj\u00f3w docelowych. W sytuacji kryzysowej, sieci spo\u0142eczne oparte na religii okazuj\u0105 si\u0119 szczeg\u00f3lnie istotne &#8211; dostarczaj\u0105c wsparcia psychologicznego, duchowego, ale tak\u017ce materialnego.<\/p>\n<p>Nadchodz\u0105ce seminarium po\u015bwi\u0119cone b\u0119dzie interakcji religii i r\u00f3\u017cnych typ\u00f3w migracji (od wymuszonych po dobrowolne) w r\u00f3\u017cnych cz\u0119\u015bciach \u015bwiata. Paneli\u015bci spr\u00f3buj\u0105 oceni\u0107 g\u0142\u00f3wne implikacje tych proces\u00f3w w okresie przed nadej\u015bciem pandemii, ale tak\u017ce w jej trakcie, kiedy migranci wyj\u0105tkowo dotkliwie odczuli jej skutki. Jednym z poruszonych zagadnie\u0144 b\u0119d\u0105 reakcje r\u00f3\u017cnych imigranckich spo\u0142eczno\u015bci religijnych na kryzys spowodowany pandemi\u0105 koronawirusa.<\/p>\n<p>5 czerwca 2020, 13:00-15:00<\/p>\n<p>Paneli\u015bci:<\/p>\n<p>Maurizio Ambrosini &#8211; Uniwersytet w Mediolanie<br \/>\nSamuele Molli &#8211; Katolicki Uniwersytet \u015awi\u0119tego Serca<br \/>\nWojciech Sad\u0142o\u0144 &#8211; Institute for Catholic Church Statistics<br \/>\nMarcin Lisak &#8211; Institute for Catholic Church Statistics<\/p>\n<p>Moderatorzy: Konrad P\u0119dziwiatr, Jan Brzozowski i Dobros\u0142awa Wiktor-Mach (Uniwersytet Ekonomiczny w Krakowie).<\/p>\n<p>Link do spotkania Zoom:<br \/>\n<a href=\"https:\/\/zoom.us\/j\/92145152218?pwd=NjMrUThIWVZyMzhINTNzbjR4eHB2QT09&amp;fbclid=IwAR2yKdolIjT7WSiRXibpGdkqN-6-zN4kwTrI_vM3al-ho4fi5z8uMZImKQA\" target=\"_blank\" rel=\"nofollow noopener noreferrer\" data-lynx-mode=\"hover\" data-lynx-uri=\"https:\/\/l.facebook.com\/l.php?u=https%3A%2F%2Fzoom.us%2Fj%2F92145152218%3Fpwd%3DNjMrUThIWVZyMzhINTNzbjR4eHB2QT09%26fbclid%3DIwAR2yKdolIjT7WSiRXibpGdkqN-6-zN4kwTrI_vM3al-ho4fi5z8uMZImKQA&amp;h=AT0pq59lQkQ8PrWx-PxOkXaGtTdk6ZkYcmjqmCcgXEdNGVzdQet5jJuHHvTex4Y1pdW9bcvf8z_Ft8Fcnxna7XgJdOWH13pKYTxqQza0WcXWoojLU1AewxmpyHQBFQ4Vhaa5\">https:\/\/zoom.us\/j\/92145152218?pwd=NjMrUThIWVZyMzhINTNzbjR4eHB2QT09<\/a><\/p>\n<p>Meeting ID: 921 4515 2218<br \/>\nPassword: 3SEfWs<\/p>\n","protected":false},"excerpt":{"rendered":"<p>Religie odgrywa\u0142y kluczow\u0105 rol\u0119 w procesach migracyjnych zar\u00f3wno przed pandemi\u0105 jak i teraz, kiedy migranci znajduj\u0105 si\u0119 w sytuacji wymuszonej niemobilno\u015bci. S\u0105 elementem kulturowego [&hellip;]<\/p>\n","protected":false},"author":4,"featured_media":625,"comment_status":"closed","ping_status":"closed","sticky":false,"template":"","format":"standard","meta":[],"categories":[1],"tags":[],"_links":{"self":[{"href":"https:\/\/owim.uek.krakow.pl\/index.php\/wp-json\/wp\/v2\/posts\/517"}],"collection":[{"href":"https:\/\/owim.uek.krakow.pl\/index.php\/wp-json\/wp\/v2\/posts"}],"about":[{"href":"https:\/\/owim.uek.krakow.pl\/index.php\/wp-json\/wp\/v2\/types\/post"}],"author":[{"embeddable":true,"href":"https:\/\/owim.uek.krakow.pl\/index.php\/wp-json\/wp\/v2\/users\/4"}],"replies":[{"embeddable":true,"href":"https:\/\/owim.uek.krakow.pl\/index.php\/wp-json\/wp\/v2\/comments?post=517"}],"version-history":[{"count":3,"href":"https:\/\/owim.uek.krakow.pl\/index.php\/wp-json\/wp\/v2\/posts\/517\/revisions"}],"predecessor-version":[{"id":626,"href":"https:\/\/owim.uek.krakow.pl\/index.php\/wp-json\/wp\/v2\/posts\/517\/revisions\/626"}],"wp:featuredmedia":[{"embeddable":true,"href":"https:\/\/owim.uek.krakow.pl\/index.php\/wp-json\/wp\/v2\/media\/625"}],"wp:attachment":[{"href":"https:\/\/owim.uek.krakow.pl\/index.php\/wp-json\/wp\/v2\/media?parent=517"}],"wp:term":[{"taxonomy":"category","embeddable":true,"href":"https:\/\/owim.uek.krakow.pl\/index.php\/wp-json\/wp\/v2\/categories?post=517"},{"taxonomy":"post_tag","embeddable":true,"href":"https:\/\/owim.uek.krakow.pl\/index.php\/wp-json\/wp\/v2\/tags?post=517"}],"curies":[{"name":"wp","href":"https:\/\/api.w.org\/{rel}","templated":true}]}}