{"id":1396,"date":"2022-11-12T01:37:33","date_gmt":"2022-11-12T00:37:33","guid":{"rendered":"https:\/\/owim.uek.krakow.pl\/?p=1396"},"modified":"2022-11-12T01:37:33","modified_gmt":"2022-11-12T00:37:33","slug":"lubelskie-doswiadczenia-w-zarzadzaniu-kryzysem-humanitarnym-seminarium-owim-i-cwk","status":"publish","type":"post","link":"https:\/\/owim.uek.krakow.pl\/index.php\/2022\/11\/12\/lubelskie-doswiadczenia-w-zarzadzaniu-kryzysem-humanitarnym-seminarium-owim-i-cwk\/","title":{"rendered":"Lubelskie do\u015bwiadczenia w zarz\u0105dzaniu kryzysem humanitarnym &#8211; Seminarium OWiM i CWK"},"content":{"rendered":"<div class=\"xdj266r x11i5rnm xat24cr x1mh8g0r x1vvkbs\">Serdecznie zapraszamy do wzi\u0119cia udzia\u0142u w naszym kolejnym seminarium. O lubelskich do\u015bwiadczeniach w zarz\u0105dzaniu kryzysem humanitarnym opowiedz\u0105 nasi prelegenci &#8211; Karolina Podg\u00f3rska i Andrzej Jekaterynczuk (IS UMCS). Spotkanie moderowa\u0107 b\u0119d\u0105 &#8211; Konrad P\u0119dziwiatr i Aneta Krzyworzeka.<\/div>\n<div><\/div>\n<div class=\"xdj266r x11i5rnm xat24cr x1mh8g0r x1vvkbs\">Lublin odgrywa szczeg\u00f3ln\u0105 rol\u0119 na mapie dzia\u0142a\u0144 pomocowych w kryzysie humanitarnym spowodowanym wojn\u0105 w Ukrainie. Jest to z jednej strony przystanek dla tych, kt\u00f3rzy jad\u0105 dalej \u2013 pierwsza baza oraz punkt poszukiwania logistycznych rozwi\u0105za\u0144. Z drugiej strony \u2013 miejsce pobytu dla wielu Ukrai\u0144c\u00f3w decyduj\u0105cych si\u0119 pozosta\u0107 tu ze wzgl\u0119du na istniej\u0105ce sieci migracyjne, czy te\u017c ze wzgl\u0119du na blisko\u015b\u0107 Ukrainy. W tym kontek\u015bcie istotna jest tak\u017ce rola ca\u0142ego wojew\u00f3dztwa, a szczeg\u00f3lnie jego obszar\u00f3w przygranicznych.<\/div>\n<div><\/div>\n<div class=\"x11i5rnm xat24cr x1mh8g0r x1vvkbs xtlvy1s\">Chcieliby\u015bmy przedstawi\u0107 to lubelskie do\u015bwiadczenie w odniesieniu do zaanga\u017cowanych w dzia\u0142ania pomocowe aktor\u00f3w z r\u00f3\u017cnych obszar\u00f3w i poziom\u00f3w: centralnego, samorz\u0105dowego, pozarz\u0105dowego. Kluczowym elementem krajobrazu miejskiego pomocy jest Lubelski Komitet Pomocy Ukrainie, stanowi\u0105cy platform\u0119 wsp\u00f3\u0142pracy samorz\u0105du i organizacji spo\u0142ecznych. Tak\u017ce na poziomie wojew\u00f3dzkim na szczeg\u00f3ln\u0105 uwag\u0119 zas\u0142uguje aktywno\u015b\u0107 samorz\u0105d\u00f3w i wsp\u00f3\u0142praca z organizacjami lokalnych spo\u0142eczno\u015bci, m.in. Ko\u0142ami Gospody\u0144 Wiejskich czy jednostkami Ochotniczej Stra\u017cy Po\u017carnej.<\/div>\n<div><\/div>\n<div class=\"x11i5rnm xat24cr x1mh8g0r x1vvkbs xtlvy1s\">Prezentowane wyniki pochodz\u0105 z bada\u0144 realizowanych w ramach dzia\u0142aj\u0105cego w Instytucie Socjologii UMCS Zespo\u0142u Badawczego MigLab: Procesy migracyjne w perspektywie lokalnej, w tym m.in. z projektu \u201eWielopoziomowe zarz\u0105dzanie kryzysem humanitarnym wywo\u0142anym przez rosyjsk\u0105 agresj\u0119 na Ukrain\u0119 na przyk\u0142adzie dzia\u0142a\u0144 w wojew\u00f3dztwie lubelskim (PL) i obwodzie wo\u0142y\u0144skim (UA)\u201d (Granty Interwencyjne NAWA).<\/div>\n<div class=\"x11i5rnm xat24cr x1mh8g0r x1vvkbs xtlvy1s\"><\/div>\n<div class=\"x11i5rnm xat24cr x1mh8g0r x1vvkbs xtlvy1s\">Aby wzi\u0105\u0107 udzia\u0142 w wydarzeniu wymagana jest wcze\u015bniejsza rejestracja:<\/div>\n<div class=\"x11i5rnm xat24cr x1mh8g0r x1vvkbs xtlvy1s\"><a class=\"x1i10hfl xjbqb8w x6umtig x1b1mbwd xaqea5y xav7gou x9f619 x1ypdohk xt0psk2 xe8uvvx xdj266r x11i5rnm xat24cr x1mh8g0r xexx8yu x4uap5 x18d9i69 xkhd6sd x16tdsg8 x1hl2dhg xggy1nq x1a2a7pz xt0b8zv x1fey0fg\" tabindex=\"0\" role=\"link\" href=\"https:\/\/us02web.zoom.us\/meeting\/register\/tZ0kd-uvqTkiH9zNgt3mZCNQ9RG1bWVM_NG4?fbclid=IwAR0WP2J7TNXNRVf5TPbvNPuQ0grdBUNa3_pl-Yu-S7qEURQf6tDICFurm10\" target=\"_blank\" rel=\"nofollow noopener noreferrer\">https:\/\/us02web.zoom.us\/&#8230;\/tZ0kd&#8230;<\/a><\/div>\n<div class=\"x11i5rnm xat24cr x1mh8g0r x1vvkbs xtlvy1s\"><\/div>\n","protected":false},"excerpt":{"rendered":"<p>Serdecznie zapraszamy do wzi\u0119cia udzia\u0142u w naszym kolejnym seminarium. O lubelskich do\u015bwiadczeniach w zarz\u0105dzaniu kryzysem humanitarnym opowiedz\u0105 nasi prelegenci &#8211; Karolina Podg\u00f3rska i Andrzej [&hellip;]<\/p>\n","protected":false},"author":6,"featured_media":1397,"comment_status":"closed","ping_status":"closed","sticky":false,"template":"","format":"standard","meta":[],"categories":[1],"tags":[],"_links":{"self":[{"href":"https:\/\/owim.uek.krakow.pl\/index.php\/wp-json\/wp\/v2\/posts\/1396"}],"collection":[{"href":"https:\/\/owim.uek.krakow.pl\/index.php\/wp-json\/wp\/v2\/posts"}],"about":[{"href":"https:\/\/owim.uek.krakow.pl\/index.php\/wp-json\/wp\/v2\/types\/post"}],"author":[{"embeddable":true,"href":"https:\/\/owim.uek.krakow.pl\/index.php\/wp-json\/wp\/v2\/users\/6"}],"replies":[{"embeddable":true,"href":"https:\/\/owim.uek.krakow.pl\/index.php\/wp-json\/wp\/v2\/comments?post=1396"}],"version-history":[{"count":1,"href":"https:\/\/owim.uek.krakow.pl\/index.php\/wp-json\/wp\/v2\/posts\/1396\/revisions"}],"predecessor-version":[{"id":1398,"href":"https:\/\/owim.uek.krakow.pl\/index.php\/wp-json\/wp\/v2\/posts\/1396\/revisions\/1398"}],"wp:featuredmedia":[{"embeddable":true,"href":"https:\/\/owim.uek.krakow.pl\/index.php\/wp-json\/wp\/v2\/media\/1397"}],"wp:attachment":[{"href":"https:\/\/owim.uek.krakow.pl\/index.php\/wp-json\/wp\/v2\/media?parent=1396"}],"wp:term":[{"taxonomy":"category","embeddable":true,"href":"https:\/\/owim.uek.krakow.pl\/index.php\/wp-json\/wp\/v2\/categories?post=1396"},{"taxonomy":"post_tag","embeddable":true,"href":"https:\/\/owim.uek.krakow.pl\/index.php\/wp-json\/wp\/v2\/tags?post=1396"}],"curies":[{"name":"wp","href":"https:\/\/api.w.org\/{rel}","templated":true}]}}