{"id":1352,"date":"2022-09-22T15:21:24","date_gmt":"2022-09-22T13:21:24","guid":{"rendered":"https:\/\/owim.uek.krakow.pl\/?p=1352"},"modified":"2022-09-22T15:21:58","modified_gmt":"2022-09-22T13:21:58","slug":"doswiadczenia-uchodzcow-ukrainskich-seminarium-owim","status":"publish","type":"post","link":"https:\/\/owim.uek.krakow.pl\/index.php\/2022\/09\/22\/doswiadczenia-uchodzcow-ukrainskich-seminarium-owim\/","title":{"rendered":"Do\u015bwiadczenia uchod\u017ac\u00f3w ukrai\u0144skich &#8211; Seminarium OWiM"},"content":{"rendered":"<p>Serdecznie zapraszamy na kolejne seminarium OWiM, kt\u00f3re odb\u0119dzie si\u0119 28 wrze\u015bnia 2022 r. (\u015broda) o godzinie 16:00 w Krakowie w Centrum Spo\u0142eczno\u015bci \u017bydowskiej w Krakowie (JCC Krakow), ul. Miodowa 24. Seminarium odb\u0119dzie si\u0119 r\u00f3wnie\u017c za po\u015brednictwem Zoom dla uczestnik\u00f3w uczestnicz\u0105cych zdalnie (link do spotkania poni\u017cej).<\/p>\n<p>Trzy tygodnie po rosyjskiej inwazji na Ukrain\u0119 do Krakowa przyjecha\u0142a dziennikarka\u00a0 Tamar Jacoby. Za namow\u0105 JCC Krak\u00f3w, rozpocz\u0119\u0142a seri\u0119 wywiad\u00f3w z ukrai\u0144skimi uchod\u017acami. Displaced: The Ukrainian Refugee Experience ukazuje ich historie. Ka\u017cda historia w ksi\u0105\u017cce jest wyj\u0105tkowa \u2013 bolesna podr\u00f3\u017c jednej osoby. Ale razem sk\u0142adaj\u0105 si\u0119 na zbiorowy portret do\u015bwiadczenia ukrai\u0144skich uchod\u017ac\u00f3w. Premiera ksi\u0105\u017cki zapewni przestrze\u0144 do dyskusji o r\u00f3\u017cnorodnych do\u015bwiadczeniach ukrai\u0144skich uchod\u017ac\u00f3w w Polsce.<\/p>\n<p>Punktem wyj\u015bcia do dyskusji stanowi\u0107 b\u0119d\u0105 osobiste historie z ksi\u0105\u017cki. Co sk\u0142oni\u0142o niekt\u00f3rych ludzi w tym cz\u0119sto ich rodziny \u2013 do opuszczenia Ukrainy? Jak uchod\u017acy postrzegaj\u0105 polskie mechanizmy recepcji i integracji powsta\u0142e po lutym 2022 roku? Co dzia\u0142a\u0142o, a co nie dzia\u0142a\u0142o w polskim podej\u015bciu do uchod\u017ac\u00f3w \u2013 podej\u015bciu, kt\u00f3re oferowa\u0142o niewielk\u0105 pomoc pieni\u0119\u017cn\u0105, ale zach\u0119ca\u0142o spo\u0142ecze\u0144stwo obywatelskie do wysuwania si\u0119 na pierwszy plan? Jakie czynniki wydaj\u0105 si\u0119 wp\u0142ywa\u0107 na decyzje uchod\u017ac\u00f3w dotycz\u0105ce kolejnych krok\u00f3w \u2013 czy pozosta\u0107 w Polsce, wr\u00f3ci\u0107 na Ukrain\u0119, czy przenie\u015b\u0107 si\u0119 do kraju trzeciego? Jakie lekcje, je\u015bli w og\u00f3le, daj\u0105 ostatnie siedem miesi\u0119cy, jak pom\u00f3c tym, kt\u00f3rzy pozostaj\u0105 w Polsce \u2013 osobom przechodz\u0105cym od przesiedlenia do integracji?<\/p>\n<p>Seminarium odb\u0119dzie si\u0119 w j\u0119zyku angielskim<\/p>\n<p>Aby do\u0142\u0105czy\u0107 do spotkania, nale\u017cy klikn\u0105\u0107 poni\u017cszy link:<\/p>\n<div class=\"l7ghb35v kjdc1dyq kmwttqpk gh25dzvf jikcssrz\"><a class=\"qi72231t nu7423ey n3hqoq4p r86q59rh b3qcqh3k fq87ekyn bdao358l fsf7x5fv rse6dlih s5oniofx m8h3af8h l7ghb35v kjdc1dyq kmwttqpk srn514ro oxkhqvkx rl78xhln nch0832m cr00lzj9 rn8ck1ys s3jn8y49 icdlwmnq cxfqmxzd ezidihy3\" tabindex=\"0\" role=\"link\" href=\"https:\/\/us02web.zoom.us\/j\/86753862750?pwd=M243TVA4azVEWnJoWG1GYjBiZGRWUT09&amp;fbclid=IwAR2rEWYCs2rHOhEVFab9SwsjIaVYgDoW95U21VLQ9WldLTQ8ph511Cma_Po\" target=\"_blank\" rel=\"nofollow noopener noreferrer\">https:\/\/us02web.zoom.us\/j\/86753862750&#8230;<\/a><\/div>\n<div class=\"l7ghb35v kjdc1dyq kmwttqpk gh25dzvf jikcssrz\"><\/div>\n<div class=\"l7ghb35v kjdc1dyq kmwttqpk gh25dzvf jikcssrz\">Meeting ID: 867 5386 2750<br \/>\nPasscode: Y23LkE<\/div>\n<div class=\"l7ghb35v kjdc1dyq kmwttqpk gh25dzvf jikcssrz\"><\/div>\n","protected":false},"excerpt":{"rendered":"<p>Serdecznie zapraszamy na kolejne seminarium OWiM, kt\u00f3re odb\u0119dzie si\u0119 28 wrze\u015bnia 2022 r. (\u015broda) o godzinie 16:00 w Krakowie w Centrum Spo\u0142eczno\u015bci \u017bydowskiej w [&hellip;]<\/p>\n","protected":false},"author":6,"featured_media":1353,"comment_status":"closed","ping_status":"closed","sticky":false,"template":"","format":"standard","meta":[],"categories":[1],"tags":[],"_links":{"self":[{"href":"https:\/\/owim.uek.krakow.pl\/index.php\/wp-json\/wp\/v2\/posts\/1352"}],"collection":[{"href":"https:\/\/owim.uek.krakow.pl\/index.php\/wp-json\/wp\/v2\/posts"}],"about":[{"href":"https:\/\/owim.uek.krakow.pl\/index.php\/wp-json\/wp\/v2\/types\/post"}],"author":[{"embeddable":true,"href":"https:\/\/owim.uek.krakow.pl\/index.php\/wp-json\/wp\/v2\/users\/6"}],"replies":[{"embeddable":true,"href":"https:\/\/owim.uek.krakow.pl\/index.php\/wp-json\/wp\/v2\/comments?post=1352"}],"version-history":[{"count":2,"href":"https:\/\/owim.uek.krakow.pl\/index.php\/wp-json\/wp\/v2\/posts\/1352\/revisions"}],"predecessor-version":[{"id":1355,"href":"https:\/\/owim.uek.krakow.pl\/index.php\/wp-json\/wp\/v2\/posts\/1352\/revisions\/1355"}],"wp:featuredmedia":[{"embeddable":true,"href":"https:\/\/owim.uek.krakow.pl\/index.php\/wp-json\/wp\/v2\/media\/1353"}],"wp:attachment":[{"href":"https:\/\/owim.uek.krakow.pl\/index.php\/wp-json\/wp\/v2\/media?parent=1352"}],"wp:term":[{"taxonomy":"category","embeddable":true,"href":"https:\/\/owim.uek.krakow.pl\/index.php\/wp-json\/wp\/v2\/categories?post=1352"},{"taxonomy":"post_tag","embeddable":true,"href":"https:\/\/owim.uek.krakow.pl\/index.php\/wp-json\/wp\/v2\/tags?post=1352"}],"curies":[{"name":"wp","href":"https:\/\/api.w.org\/{rel}","templated":true}]}}